{"id":4069,"date":"2025-05-23T09:31:28","date_gmt":"2025-05-23T07:31:28","guid":{"rendered":"https:\/\/cpsarriguren.educacion.navarra.es\/web\/?p=4069"},"modified":"2025-05-23T09:38:44","modified_gmt":"2025-05-23T07:38:44","slug":"erasmus-24-25","status":"publish","type":"post","link":"https:\/\/cpsarriguren.educacion.navarra.es\/web\/blog\/2025\/05\/23\/erasmus-24-25\/","title":{"rendered":"ERASMUS + 24\/25"},"content":{"rendered":"<div class=\"fsn-row full-width-row fsn-69ee19b6d31aa light\" style=\"background-repeat:repeat;background-position:left top;background-attachment:scroll;background-size:auto;\"><div class=\"container-fluid\"><div class=\"row\"><div class=\"col-sm-12\"><div class=\"fsn-column-inner fsn-69ee19b6d321e light\"><div class=\"fsn-text fsn-69ee19b6d3278\">\n<p><span style=\"font-weight: 400;\">Este curso, tres profesores y profesoras del centro han tenido la oportunidad de participar en el programa Erasmus+, que permite conocer otros sistemas educativos en Europa.<\/span><\/p>\n<p><span style=\"font-weight: 400;\"> <img loading=\"lazy\" class=\"alignnone wp-image-4070\" src=\"https:\/\/cpsarriguren.educacion.navarra.es\/web\/wp-content\/uploads\/2025\/05\/Captura-de-pantalla-2025-05-23-092814.png\" alt=\"\" width=\"354\" height=\"83\" srcset=\"https:\/\/cpsarriguren.educacion.navarra.es\/web\/wp-content\/uploads\/2025\/05\/Captura-de-pantalla-2025-05-23-092814.png 482w, https:\/\/cpsarriguren.educacion.navarra.es\/web\/wp-content\/uploads\/2025\/05\/Captura-de-pantalla-2025-05-23-092814-300x70.png 300w\" sizes=\"(max-width: 354px) 100vw, 354px\" \/><\/span><\/p>\n<p><span style=\"font-weight: 400;\">El proyecto 2022-1-ES01-KA120-SCH-000110656 est\u00e1 cofinanciado por la Uni\u00f3n <\/span><span style=\"font-weight: 400;\">Europea. Las opiniones y puntos de vista expresados (en esta nota de <\/span><span style=\"font-weight: 400;\">prensa\/comunicado\/publicaci\u00f3n\/etc.) s\u00f3lo comprometen a su(s) autor(es) HERMANAS \u00daRIZ PI <\/span><span style=\"font-weight: 400;\">y no <\/span><span style=\"font-weight: 400;\">reflejan necesariamente los de la Uni\u00f3n Europea ni los del Servicio Espa\u00f1ol <\/span><span style=\"font-weight: 400;\">para la Internacionalizaci\u00f3n de la Educaci\u00f3n (SEPIE). Ni la Uni\u00f3n Europea ni la <\/span><span style=\"font-weight: 400;\">Agencia Nacional SEPIE pueden ser considerados responsables de ellos.&nbsp;<a href=\"http:\/\/www.sepie.es\/\">ENLACE SEPIE<\/a><\/span><\/p>\n<p><span style=\"font-weight: 400;\">El destino elegido en esta ocasi\u00f3n fue <\/span><b>Finlandia<\/b><span style=\"font-weight: 400;\">, un pa\u00eds reconocido por la calidad de su sistema educativo. Durante una semana, el y las docentes visitantes pudieron observar el funcionamiento de un colegio finland\u00e9s y compartir experiencias con su profesorado.<\/span><\/p>\n<p><span style=\"font-weight: 400;\">La experiencia fue muy enriquecedora. Se pudo comprobar c\u00f3mo combinan el uso de <\/span><b>libros de texto<\/b><span style=\"font-weight: 400;\"> con herramientas digitales como los <\/span><i><span style=\"font-weight: 400;\">Chromebooks<\/span><\/i><span style=\"font-weight: 400;\">, y c\u00f3mo fomentan la <\/span><b>participaci\u00f3n democr\u00e1tica del alumnado<\/b><span style=\"font-weight: 400;\">, eligiendo representantes de clase que colaboran en grupos de trabajo mensuales sobre temas como reciclaje, decoraci\u00f3n del centro o entrevistas al alumnado y profesorado.<\/span><\/p>\n<p><span style=\"font-weight: 400;\">Otro aspecto llamativo fue la presencia constante de <\/span><b>docencia compartida y apoyo en el aula<\/b><span style=\"font-weight: 400;\">, as\u00ed como los <\/span><b>desdobles por niveles<\/b><span style=\"font-weight: 400;\"> en asignaturas como matem\u00e1ticas y lengua para adaptar la ense\u00f1anza al ritmo del alumnado.<\/span><\/p>\n<p><span style=\"font-weight: 400;\">Adem\u00e1s, el curr\u00edculo incluye asignaturas pr\u00e1cticas como <\/span><b>textil e industrial<\/b><span style=\"font-weight: 400;\">, con clases de costura, ebanister\u00eda, electricidad o electr\u00f3nica, a partir de tercero de primaria, con una notable inversi\u00f3n en materiales y recursos.<\/span><\/p>\n<p><span style=\"font-weight: 400;\">Durante la estancia, el profesorado tambi\u00e9n tuvo la ocasi\u00f3n de <\/span><b>practicar ingl\u00e9s<\/b><span style=\"font-weight: 400;\"> en contextos reales, tanto con el equipo docente como en las actividades de observaci\u00f3n.<\/span><\/p>\n<p><span style=\"font-weight: 400;\">Una experiencia inolvidable y muy \u00fatil para reflexionar sobre nuestra pr\u00e1ctica diaria y seguir mejorando.<\/span><\/p>\n<p><span style=\"font-weight: 400;\">\u00a1Os dejamos algunas im\u00e1genes del viaje!<\/span><\/p>\n<p>ngg_shortcode_0_placeholder&nbsp;<\/p>\n<\/div><\/div><\/div><\/div><\/div><\/div>\n","protected":false},"excerpt":{"rendered":"","protected":false},"author":1,"featured_media":0,"comment_status":"closed","ping_status":"closed","sticky":false,"template":"","format":"standard","meta":{"ngg_post_thumbnail":0},"categories":[1],"tags":[],"_links":{"self":[{"href":"https:\/\/cpsarriguren.educacion.navarra.es\/web\/wp-json\/wp\/v2\/posts\/4069"}],"collection":[{"href":"https:\/\/cpsarriguren.educacion.navarra.es\/web\/wp-json\/wp\/v2\/posts"}],"about":[{"href":"https:\/\/cpsarriguren.educacion.navarra.es\/web\/wp-json\/wp\/v2\/types\/post"}],"author":[{"embeddable":true,"href":"https:\/\/cpsarriguren.educacion.navarra.es\/web\/wp-json\/wp\/v2\/users\/1"}],"replies":[{"embeddable":true,"href":"https:\/\/cpsarriguren.educacion.navarra.es\/web\/wp-json\/wp\/v2\/comments?post=4069"}],"version-history":[{"count":3,"href":"https:\/\/cpsarriguren.educacion.navarra.es\/web\/wp-json\/wp\/v2\/posts\/4069\/revisions"}],"predecessor-version":[{"id":4089,"href":"https:\/\/cpsarriguren.educacion.navarra.es\/web\/wp-json\/wp\/v2\/posts\/4069\/revisions\/4089"}],"wp:attachment":[{"href":"https:\/\/cpsarriguren.educacion.navarra.es\/web\/wp-json\/wp\/v2\/media?parent=4069"}],"wp:term":[{"taxonomy":"category","embeddable":true,"href":"https:\/\/cpsarriguren.educacion.navarra.es\/web\/wp-json\/wp\/v2\/categories?post=4069"},{"taxonomy":"post_tag","embeddable":true,"href":"https:\/\/cpsarriguren.educacion.navarra.es\/web\/wp-json\/wp\/v2\/tags?post=4069"}],"curies":[{"name":"wp","href":"https:\/\/api.w.org\/{rel}","templated":true}]}}