{"id":4019,"date":"2025-03-10T13:30:29","date_gmt":"2025-03-10T12:30:29","guid":{"rendered":"https:\/\/cpsarriguren.educacion.navarra.es\/web\/?p=4019"},"modified":"2025-03-19T13:54:51","modified_gmt":"2025-03-19T12:54:51","slug":"carnaval-de-fantasia","status":"publish","type":"post","link":"https:\/\/cpsarriguren.educacion.navarra.es\/web\/blog\/2025\/03\/10\/carnaval-de-fantasia\/","title":{"rendered":"CARNAVAL DE FANTAS\u00cdA"},"content":{"rendered":"<div class=\"fsn-row full-width-row fsn-69f273c0727e5 light\" style=\"background-repeat:repeat;background-position:left top;background-attachment:scroll;background-size:auto;\"><div class=\"container-fluid\"><div class=\"row\"><div class=\"col-sm-12\"><div class=\"fsn-column-inner fsn-69f273c07283b light\"><div class=\"fsn-text fsn-69f273c072867\">\n<p>Queridas familias.&nbsp;<\/p>\n<p>El pasado 28 de febrero celebramos el Carnaval. Este a\u00f1o, que nuestro eje de centro es relacionado con Disney, el Carnaval estuvo lleno de personajes fant\u00e1sticos: <em>los y las 3 cerditos y cerditas, ping\u00fcinos de Madagascar, las cartas de Alicia en el Pa\u00eds de las Maravillas, Ratatouille, Los y Las Incre\u00edbles, Vaiana, Mul\u00e1n, genios y genias de las l\u00e1mparas y Buzz Lightyear.<\/em> \u00a1Fue un d\u00eda muy bonito!<\/p>\n<p>Gracias a todas las familias por haber acudido y acompa\u00f1arnos en este d\u00eda, tanto en la kalejira como en los bailes. Y, una vez m\u00e1s, gracias al profesorado por la realizaci\u00f3n de los disfraces con el alumnado y al equipo de educaci\u00f3n f\u00edsica por la creaci\u00f3n de los bailes. <em>\u00a1Hasta el a\u00f1o que viene!&nbsp;<\/em><\/p>\n<p><img loading=\"lazy\" class=\"alignnone  wp-image-4020\" src=\"https:\/\/cpsarriguren.educacion.navarra.es\/web\/wp-content\/uploads\/2025\/03\/page0.jpg\" alt=\"\" width=\"402\" height=\"502\" srcset=\"https:\/\/cpsarriguren.educacion.navarra.es\/web\/wp-content\/uploads\/2025\/03\/page0.jpg 819w, https:\/\/cpsarriguren.educacion.navarra.es\/web\/wp-content\/uploads\/2025\/03\/page0-240x300.jpg 240w, https:\/\/cpsarriguren.educacion.navarra.es\/web\/wp-content\/uploads\/2025\/03\/page0-768x960.jpg 768w, https:\/\/cpsarriguren.educacion.navarra.es\/web\/wp-content\/uploads\/2025\/03\/page0-640x800.jpg 640w, https:\/\/cpsarriguren.educacion.navarra.es\/web\/wp-content\/uploads\/2025\/03\/page0-750x938.jpg 750w\" sizes=\"(max-width: 402px) 100vw, 402px\" \/><\/p>\n<\/div><\/div><\/div><\/div><\/div><\/div>\n","protected":false},"excerpt":{"rendered":"","protected":false},"author":1,"featured_media":0,"comment_status":"closed","ping_status":"closed","sticky":false,"template":"","format":"standard","meta":{"ngg_post_thumbnail":0},"categories":[1],"tags":[],"_links":{"self":[{"href":"https:\/\/cpsarriguren.educacion.navarra.es\/web\/wp-json\/wp\/v2\/posts\/4019"}],"collection":[{"href":"https:\/\/cpsarriguren.educacion.navarra.es\/web\/wp-json\/wp\/v2\/posts"}],"about":[{"href":"https:\/\/cpsarriguren.educacion.navarra.es\/web\/wp-json\/wp\/v2\/types\/post"}],"author":[{"embeddable":true,"href":"https:\/\/cpsarriguren.educacion.navarra.es\/web\/wp-json\/wp\/v2\/users\/1"}],"replies":[{"embeddable":true,"href":"https:\/\/cpsarriguren.educacion.navarra.es\/web\/wp-json\/wp\/v2\/comments?post=4019"}],"version-history":[{"count":1,"href":"https:\/\/cpsarriguren.educacion.navarra.es\/web\/wp-json\/wp\/v2\/posts\/4019\/revisions"}],"predecessor-version":[{"id":4021,"href":"https:\/\/cpsarriguren.educacion.navarra.es\/web\/wp-json\/wp\/v2\/posts\/4019\/revisions\/4021"}],"wp:attachment":[{"href":"https:\/\/cpsarriguren.educacion.navarra.es\/web\/wp-json\/wp\/v2\/media?parent=4019"}],"wp:term":[{"taxonomy":"category","embeddable":true,"href":"https:\/\/cpsarriguren.educacion.navarra.es\/web\/wp-json\/wp\/v2\/categories?post=4019"},{"taxonomy":"post_tag","embeddable":true,"href":"https:\/\/cpsarriguren.educacion.navarra.es\/web\/wp-json\/wp\/v2\/tags?post=4019"}],"curies":[{"name":"wp","href":"https:\/\/api.w.org\/{rel}","templated":true}]}}