{"id":3822,"date":"2024-03-22T14:03:26","date_gmt":"2024-03-22T13:03:26","guid":{"rendered":"https:\/\/cpsarriguren.educacion.navarra.es\/web\/?p=3822"},"modified":"2024-03-22T14:04:12","modified_gmt":"2024-03-22T13:04:12","slug":"dia-del-arbol-2","status":"publish","type":"post","link":"https:\/\/cpsarriguren.educacion.navarra.es\/web\/blog\/2024\/03\/22\/dia-del-arbol-2\/","title":{"rendered":"D\u00cdA DEL \u00c1RBOL"},"content":{"rendered":"<div class=\"fsn-row full-width-row fsn-69efef34b04ad light\" style=\"background-repeat:repeat;background-position:left top;background-attachment:scroll;background-size:auto;\"><div class=\"container-fluid\"><div class=\"row\"><div class=\"col-sm-12\"><div class=\"fsn-column-inner fsn-69efef34b0505 light\"><div class=\"fsn-text fsn-69efef34b052f\">\n<p>Un curso m\u00e1s, celebramos el D\u00eda del \u00c1rbol en el cole.&nbsp;<\/p>\n<p>Para ello, el alumnado de 5 a\u00f1os y de 1\u00ba de Primaria se han juntado para plantar entre todos y todas diversos \u00e1rboles, concienciando as\u00ed de la importancia de los mismos para nuestra vida y para el cuidado del planeta.&nbsp;<\/p>\n<p>Os dejamos una fotograf\u00eda de un momento de la jornada.&nbsp;<\/p>\n<p><img loading=\"lazy\" class=\"alignnone wp-image-3823\" src=\"https:\/\/cpsarriguren.educacion.navarra.es\/web\/wp-content\/uploads\/2024\/03\/4AAC1D60-4300-466D-A11E-02CFC8E119F8.jpeg\" alt=\"\" width=\"260\" height=\"347\" srcset=\"https:\/\/cpsarriguren.educacion.navarra.es\/web\/wp-content\/uploads\/2024\/03\/4AAC1D60-4300-466D-A11E-02CFC8E119F8.jpeg 768w, https:\/\/cpsarriguren.educacion.navarra.es\/web\/wp-content\/uploads\/2024\/03\/4AAC1D60-4300-466D-A11E-02CFC8E119F8-225x300.jpeg 225w, https:\/\/cpsarriguren.educacion.navarra.es\/web\/wp-content\/uploads\/2024\/03\/4AAC1D60-4300-466D-A11E-02CFC8E119F8-640x853.jpeg 640w, https:\/\/cpsarriguren.educacion.navarra.es\/web\/wp-content\/uploads\/2024\/03\/4AAC1D60-4300-466D-A11E-02CFC8E119F8-750x1000.jpeg 750w\" sizes=\"(max-width: 260px) 100vw, 260px\" \/><\/p>\n<\/div><\/div><\/div><\/div><\/div><\/div>\n","protected":false},"excerpt":{"rendered":"","protected":false},"author":1,"featured_media":0,"comment_status":"closed","ping_status":"closed","sticky":false,"template":"","format":"standard","meta":{"ngg_post_thumbnail":0},"categories":[1],"tags":[],"_links":{"self":[{"href":"https:\/\/cpsarriguren.educacion.navarra.es\/web\/wp-json\/wp\/v2\/posts\/3822"}],"collection":[{"href":"https:\/\/cpsarriguren.educacion.navarra.es\/web\/wp-json\/wp\/v2\/posts"}],"about":[{"href":"https:\/\/cpsarriguren.educacion.navarra.es\/web\/wp-json\/wp\/v2\/types\/post"}],"author":[{"embeddable":true,"href":"https:\/\/cpsarriguren.educacion.navarra.es\/web\/wp-json\/wp\/v2\/users\/1"}],"replies":[{"embeddable":true,"href":"https:\/\/cpsarriguren.educacion.navarra.es\/web\/wp-json\/wp\/v2\/comments?post=3822"}],"version-history":[{"count":2,"href":"https:\/\/cpsarriguren.educacion.navarra.es\/web\/wp-json\/wp\/v2\/posts\/3822\/revisions"}],"predecessor-version":[{"id":3825,"href":"https:\/\/cpsarriguren.educacion.navarra.es\/web\/wp-json\/wp\/v2\/posts\/3822\/revisions\/3825"}],"wp:attachment":[{"href":"https:\/\/cpsarriguren.educacion.navarra.es\/web\/wp-json\/wp\/v2\/media?parent=3822"}],"wp:term":[{"taxonomy":"category","embeddable":true,"href":"https:\/\/cpsarriguren.educacion.navarra.es\/web\/wp-json\/wp\/v2\/categories?post=3822"},{"taxonomy":"post_tag","embeddable":true,"href":"https:\/\/cpsarriguren.educacion.navarra.es\/web\/wp-json\/wp\/v2\/tags?post=3822"}],"curies":[{"name":"wp","href":"https:\/\/api.w.org\/{rel}","templated":true}]}}