{"id":3799,"date":"2024-03-20T10:13:14","date_gmt":"2024-03-20T09:13:14","guid":{"rendered":"https:\/\/cpsarriguren.educacion.navarra.es\/web\/?p=3799"},"modified":"2024-03-20T10:13:14","modified_gmt":"2024-03-20T09:13:14","slug":"nuestro-videoclip","status":"publish","type":"post","link":"https:\/\/cpsarriguren.educacion.navarra.es\/web\/blog\/2024\/03\/20\/nuestro-videoclip\/","title":{"rendered":"NUESTRO VIDEOCLIP"},"content":{"rendered":"<div class=\"fsn-row full-width-row fsn-69ee139b44774 light\" style=\"background-repeat:repeat;background-position:left top;background-attachment:scroll;background-size:auto;\"><div class=\"container-fluid\"><div class=\"row\"><div class=\"col-sm-12\"><div class=\"fsn-column-inner fsn-69ee139b447d0 light\"><div class=\"fsn-text fsn-69ee139b44804\">\n<p>Es sabido que en nuestro cole tenemos una canci\u00f3n propia, que fue creada hace varios a\u00f1os entre la profesora de m\u00fasica <span style=\"color: #339966;\"><em><strong>Nekane Solana<\/strong><\/em><\/span> y el artista <span style=\"color: #339966;\"><strong><em>Zyro Rodr\u00edguez.&nbsp;<\/em><\/strong><\/span><\/p>\n<p>Esta canci\u00f3n siempre nos ha servido como uni\u00f3n al alumnado del cole, cant\u00e1ndola en los festivales del mismo y us\u00e1ndola tambi\u00e9n para trabajar el bonito mensaje que transmite.&nbsp;<\/p>\n<p>Hac\u00eda tiempo que quer\u00edamos crear un videoclip con esta canci\u00f3n y este curso hemos conseguido hacerlo realidad.&nbsp;<\/p>\n<p>Queremos aprovechar para dar las gracias de nuevo al profesorado de la comisi\u00f3n de trabajo pedag\u00f3gico de v\u00eddeo e imagen del centro, en especial a <em><strong><span style=\"color: #339966;\">David Arzoz<\/span> <span style=\"color: #339966;\">y Ana Moreno,<\/span><\/strong><\/em> que hicieron esto posible, as\u00ed como a Zyro Rodr\u00edguez por acompa\u00f1arnos y participar en el video.&nbsp;<\/p>\n<p>Esperamos que os guste.&nbsp;<\/p>\n<p><span style=\"color: #339966;\"><em><strong>Con mucho cari\u00f1o, el cole Hermanas \u00dariz Pi.&nbsp;<\/strong><\/em><\/span><\/p>\n<div class=\"embed-container\"><iframe loading=\"lazy\" title=\"Videoclip HUP\" width=\"750\" height=\"422\" src=\"https:\/\/www.youtube.com\/embed\/yDwnt53S6vc?feature=oembed\" frameborder=\"0\" allow=\"accelerometer; autoplay; clipboard-write; encrypted-media; gyroscope; picture-in-picture; web-share\" allowfullscreen><\/iframe><\/div>\n<\/div><\/div><\/div><\/div><\/div><\/div>\n","protected":false},"excerpt":{"rendered":"","protected":false},"author":1,"featured_media":0,"comment_status":"closed","ping_status":"closed","sticky":false,"template":"","format":"standard","meta":{"ngg_post_thumbnail":0},"categories":[1],"tags":[],"_links":{"self":[{"href":"https:\/\/cpsarriguren.educacion.navarra.es\/web\/wp-json\/wp\/v2\/posts\/3799"}],"collection":[{"href":"https:\/\/cpsarriguren.educacion.navarra.es\/web\/wp-json\/wp\/v2\/posts"}],"about":[{"href":"https:\/\/cpsarriguren.educacion.navarra.es\/web\/wp-json\/wp\/v2\/types\/post"}],"author":[{"embeddable":true,"href":"https:\/\/cpsarriguren.educacion.navarra.es\/web\/wp-json\/wp\/v2\/users\/1"}],"replies":[{"embeddable":true,"href":"https:\/\/cpsarriguren.educacion.navarra.es\/web\/wp-json\/wp\/v2\/comments?post=3799"}],"version-history":[{"count":1,"href":"https:\/\/cpsarriguren.educacion.navarra.es\/web\/wp-json\/wp\/v2\/posts\/3799\/revisions"}],"predecessor-version":[{"id":3800,"href":"https:\/\/cpsarriguren.educacion.navarra.es\/web\/wp-json\/wp\/v2\/posts\/3799\/revisions\/3800"}],"wp:attachment":[{"href":"https:\/\/cpsarriguren.educacion.navarra.es\/web\/wp-json\/wp\/v2\/media?parent=3799"}],"wp:term":[{"taxonomy":"category","embeddable":true,"href":"https:\/\/cpsarriguren.educacion.navarra.es\/web\/wp-json\/wp\/v2\/categories?post=3799"},{"taxonomy":"post_tag","embeddable":true,"href":"https:\/\/cpsarriguren.educacion.navarra.es\/web\/wp-json\/wp\/v2\/tags?post=3799"}],"curies":[{"name":"wp","href":"https:\/\/api.w.org\/{rel}","templated":true}]}}