{"id":2578,"date":"2021-02-12T19:45:56","date_gmt":"2021-02-12T18:45:56","guid":{"rendered":"https:\/\/cpsarriguren.educacion.navarra.es\/web\/?p=2578"},"modified":"2021-03-14T19:50:04","modified_gmt":"2021-03-14T18:50:04","slug":"carnaval-carnavaaaaal","status":"publish","type":"post","link":"https:\/\/cpsarriguren.educacion.navarra.es\/web\/blog\/2021\/02\/12\/carnaval-carnavaaaaal\/","title":{"rendered":"\u00a1CARNAVAL, CARNAVAAAAAL!"},"content":{"rendered":"<p>Y lleg\u00f3 el Carnaval&#8230; y este a\u00f1o no \u00edbamos a olvidarnos de ellos. Aqu\u00ed pod\u00e9is ver todo el proceso. Aunque el tiempo no acompa\u00f1\u00f3, fue un d\u00eda muy especial.<\/p>\n<ul>\n<li><a href=\"https:\/\/cpsarriguren.educacion.navarra.es\/web\/wp-content\/uploads\/2021\/03\/CARNAVAL-2020-21-1.pdf\">EXPLICACI\u00d3N DE NUESTRA TEM<\/a>\u00c1TICA<\/li>\n<li>ENLACE A V\u00cdDEOS (SI ALGUNO NO POD\u00c9IS VERLO, POD\u00c9IS ESCRIBIRNOS PARA QUE OS LO FACILITEMOS):<\/li>\n<\/ul>\nngg_shortcode_0_placeholder\n","protected":false},"excerpt":{"rendered":"<p>Y lleg\u00f3 el Carnaval&#8230; y este a\u00f1o no \u00edbamos a olvidarnos de ellos. Aqu\u00ed pod\u00e9is ver todo el proceso. Aunque el tiempo no acompa\u00f1\u00f3, fue un d\u00eda muy especial. EXPLICACI\u00d3N DE NUESTRA TEM\u00c1TICA ENLACE A V\u00cdDEOS (SI ALGUNO NO POD\u00c9IS VERLO, POD\u00c9IS ESCRIBIRNOS PARA QUE OS LO FACILITEMOS):<\/p>\n","protected":false},"author":1,"featured_media":0,"comment_status":"closed","ping_status":"closed","sticky":false,"template":"","format":"standard","meta":{"ngg_post_thumbnail":0},"categories":[1],"tags":[],"_links":{"self":[{"href":"https:\/\/cpsarriguren.educacion.navarra.es\/web\/wp-json\/wp\/v2\/posts\/2578"}],"collection":[{"href":"https:\/\/cpsarriguren.educacion.navarra.es\/web\/wp-json\/wp\/v2\/posts"}],"about":[{"href":"https:\/\/cpsarriguren.educacion.navarra.es\/web\/wp-json\/wp\/v2\/types\/post"}],"author":[{"embeddable":true,"href":"https:\/\/cpsarriguren.educacion.navarra.es\/web\/wp-json\/wp\/v2\/users\/1"}],"replies":[{"embeddable":true,"href":"https:\/\/cpsarriguren.educacion.navarra.es\/web\/wp-json\/wp\/v2\/comments?post=2578"}],"version-history":[{"count":2,"href":"https:\/\/cpsarriguren.educacion.navarra.es\/web\/wp-json\/wp\/v2\/posts\/2578\/revisions"}],"predecessor-version":[{"id":2594,"href":"https:\/\/cpsarriguren.educacion.navarra.es\/web\/wp-json\/wp\/v2\/posts\/2578\/revisions\/2594"}],"wp:attachment":[{"href":"https:\/\/cpsarriguren.educacion.navarra.es\/web\/wp-json\/wp\/v2\/media?parent=2578"}],"wp:term":[{"taxonomy":"category","embeddable":true,"href":"https:\/\/cpsarriguren.educacion.navarra.es\/web\/wp-json\/wp\/v2\/categories?post=2578"},{"taxonomy":"post_tag","embeddable":true,"href":"https:\/\/cpsarriguren.educacion.navarra.es\/web\/wp-json\/wp\/v2\/tags?post=2578"}],"curies":[{"name":"wp","href":"https:\/\/api.w.org\/{rel}","templated":true}]}}