{"id":1849,"date":"2019-06-07T11:26:07","date_gmt":"2019-06-07T09:26:07","guid":{"rendered":"https:\/\/cpsarriguren.educacion.navarra.es\/web\/?p=1849"},"modified":"2019-06-07T11:26:07","modified_gmt":"2019-06-07T09:26:07","slug":"corporacion-txiki-2","status":"publish","type":"post","link":"https:\/\/cpsarriguren.educacion.navarra.es\/web\/blog\/2019\/06\/07\/corporacion-txiki-2\/","title":{"rendered":"Corporaci\u00f3n Txiki"},"content":{"rendered":"\n<div class=\"wp-block-image\"><figure class=\"alignleft is-resized\"><img loading=\"lazy\" src=\"https:\/\/cpsarriguren.educacion.navarra.es\/web\/wp-content\/uploads\/2019\/06\/20190607082632_IMG_7270-1024x762.jpg\" alt=\"\" class=\"wp-image-1850\" width=\"448\" height=\"332\" srcset=\"https:\/\/cpsarriguren.educacion.navarra.es\/web\/wp-content\/uploads\/2019\/06\/20190607082632_IMG_7270.jpg 1024w, https:\/\/cpsarriguren.educacion.navarra.es\/web\/wp-content\/uploads\/2019\/06\/20190607082632_IMG_7270-300x223.jpg 300w, https:\/\/cpsarriguren.educacion.navarra.es\/web\/wp-content\/uploads\/2019\/06\/20190607082632_IMG_7270-640x476.jpg 640w\" sizes=\"(max-width: 448px) 100vw, 448px\" \/><\/figure><\/div>\n\n\n\n<p>Os presentamos la corporaci\u00f3n que va representar a la poblaci\u00f3n m\u00e1s joven de Sarriguren en las fiestas que comienzan hoy. Como alcalde txiki est\u00e1 Aitor Mart\u00edn, de pie en el centro, y como concejales est\u00e1n: en la fila de atr\u00e1s, Yanire Abad (primera por la izquierda), Timur Mavrodi (segundo por la izquierda), Lamis Messaudi (primera por la derecha) y Naroa Falc\u00f3n (segunda por la derecha). Sentados, Mikel Escobar (primero por la izquierda), Javier Ulecia (en el centro) y Adri\u00e1n \u00c1lvarez de Eulate. Falta Oskar Delgado. <\/p>\n\n\n\n<p>\n\nEl domingo 9 de junio ir\u00e1n al Ayuntamiento para la celebraci\u00f3n de un pleno al que llevar\u00e1n propuestas de mejora para nuestra localidad. M\u00e1s tarde, a las 12.00 del mediod\u00eda, el alcalde lanzar\u00e1 el txupinazo desde el balc\u00f3n. Qu\u00e9 emocionante! Nos gustar\u00eda mucho veros all\u00ed!!\n\n<\/p>\n","protected":false},"excerpt":{"rendered":"<p>Os presentamos la corporaci\u00f3n que va representar a la poblaci\u00f3n m\u00e1s joven de Sarriguren en las fiestas que comienzan hoy. Como alcalde txiki est\u00e1 Aitor Mart\u00edn, de pie en el centro, y como concejales est\u00e1n: en la fila de atr\u00e1s, Yanire Abad (primera por la izquierda), Timur Mavrodi (segundo por la izquierda), Lamis Messaudi (primera &hellip; <\/p>\n<p><a class=\"more-link btn\" href=\"https:\/\/cpsarriguren.educacion.navarra.es\/web\/blog\/2019\/06\/07\/corporacion-txiki-2\/\">Continue reading<\/a><\/p>\n","protected":false},"author":1,"featured_media":0,"comment_status":"closed","ping_status":"closed","sticky":false,"template":"","format":"standard","meta":{"ngg_post_thumbnail":0},"categories":[1],"tags":[],"_links":{"self":[{"href":"https:\/\/cpsarriguren.educacion.navarra.es\/web\/wp-json\/wp\/v2\/posts\/1849"}],"collection":[{"href":"https:\/\/cpsarriguren.educacion.navarra.es\/web\/wp-json\/wp\/v2\/posts"}],"about":[{"href":"https:\/\/cpsarriguren.educacion.navarra.es\/web\/wp-json\/wp\/v2\/types\/post"}],"author":[{"embeddable":true,"href":"https:\/\/cpsarriguren.educacion.navarra.es\/web\/wp-json\/wp\/v2\/users\/1"}],"replies":[{"embeddable":true,"href":"https:\/\/cpsarriguren.educacion.navarra.es\/web\/wp-json\/wp\/v2\/comments?post=1849"}],"version-history":[{"count":9,"href":"https:\/\/cpsarriguren.educacion.navarra.es\/web\/wp-json\/wp\/v2\/posts\/1849\/revisions"}],"predecessor-version":[{"id":1861,"href":"https:\/\/cpsarriguren.educacion.navarra.es\/web\/wp-json\/wp\/v2\/posts\/1849\/revisions\/1861"}],"wp:attachment":[{"href":"https:\/\/cpsarriguren.educacion.navarra.es\/web\/wp-json\/wp\/v2\/media?parent=1849"}],"wp:term":[{"taxonomy":"category","embeddable":true,"href":"https:\/\/cpsarriguren.educacion.navarra.es\/web\/wp-json\/wp\/v2\/categories?post=1849"},{"taxonomy":"post_tag","embeddable":true,"href":"https:\/\/cpsarriguren.educacion.navarra.es\/web\/wp-json\/wp\/v2\/tags?post=1849"}],"curies":[{"name":"wp","href":"https:\/\/api.w.org\/{rel}","templated":true}]}}