{"id":1163,"date":"2018-03-21T15:17:49","date_gmt":"2018-03-21T14:17:49","guid":{"rendered":"https:\/\/cpsarriguren.educacion.navarra.es\/web\/?p=1163"},"modified":"2018-03-27T11:13:26","modified_gmt":"2018-03-27T09:13:26","slug":"dia-del-arbol","status":"publish","type":"post","link":"https:\/\/cpsarriguren.educacion.navarra.es\/web\/blog\/2018\/03\/21\/dia-del-arbol\/","title":{"rendered":"Dia del arbol"},"content":{"rendered":"<div class=\"fsn-row full-width-row fsn-69f076d3d80c3 light\" style=\"background-repeat:repeat;background-position:left top;background-attachment:scroll;background-size:auto;\"><div class=\"container-fluid\"><div class=\"row\"><div class=\"col-sm-12\"><div class=\"fsn-column-inner fsn-69f076d3d8142 light\"><div class=\"fsn-text fsn-69f076d3d8172\">\n<p>&nbsp;<\/p>\n<p>El&nbsp; d\u00eda<strong> 23 de marzo<\/strong> el alumnado de 5 a\u00f1os y 6\u00ba de Primaria particip\u00f3 en el <strong>\u201cI D\u00eda del \u00c1rbol\u201d<\/strong> organizado entre el Colegio Hermanas \u00dariz Pi y Joakin Lizarraga.<\/p>\n<p>Fu\u00e9 una jornada de convivencia en la naturaleza pr\u00f3xima y cada alumno se encarg\u00f3 de plantar una planta que simboliza la necesidad de proteger las zonas verdes de nuestro planeta. Adem\u00e1s, entre todos plantaron un \u00e1rbol, s\u00edmbolo del crecimiento a lo largo de la vida.<\/p>\n<p>&nbsp;<\/p>\n<p><a href=\"https:\/\/cpsarriguren.educacion.navarra.es\/web\/wp-content\/uploads\/2018\/03\/D\u00eda-del-\u00e1rbol-compressed.pdf\" class=\"pdfemb-viewer\" style=\"\" data-width=\"max\" data-height=\"max\" data-toolbar=\"bottom\" data-toolbar-fixed=\"off\">D\u00eda del \u00e1rbol-compressed<\/a><\/p>\n<\/div><\/div><\/div><\/div><\/div><\/div>\n","protected":false},"excerpt":{"rendered":"","protected":false},"author":1,"featured_media":0,"comment_status":"closed","ping_status":"closed","sticky":false,"template":"","format":"standard","meta":{"ngg_post_thumbnail":0},"categories":[1],"tags":[],"_links":{"self":[{"href":"https:\/\/cpsarriguren.educacion.navarra.es\/web\/wp-json\/wp\/v2\/posts\/1163"}],"collection":[{"href":"https:\/\/cpsarriguren.educacion.navarra.es\/web\/wp-json\/wp\/v2\/posts"}],"about":[{"href":"https:\/\/cpsarriguren.educacion.navarra.es\/web\/wp-json\/wp\/v2\/types\/post"}],"author":[{"embeddable":true,"href":"https:\/\/cpsarriguren.educacion.navarra.es\/web\/wp-json\/wp\/v2\/users\/1"}],"replies":[{"embeddable":true,"href":"https:\/\/cpsarriguren.educacion.navarra.es\/web\/wp-json\/wp\/v2\/comments?post=1163"}],"version-history":[{"count":11,"href":"https:\/\/cpsarriguren.educacion.navarra.es\/web\/wp-json\/wp\/v2\/posts\/1163\/revisions"}],"predecessor-version":[{"id":1187,"href":"https:\/\/cpsarriguren.educacion.navarra.es\/web\/wp-json\/wp\/v2\/posts\/1163\/revisions\/1187"}],"wp:attachment":[{"href":"https:\/\/cpsarriguren.educacion.navarra.es\/web\/wp-json\/wp\/v2\/media?parent=1163"}],"wp:term":[{"taxonomy":"category","embeddable":true,"href":"https:\/\/cpsarriguren.educacion.navarra.es\/web\/wp-json\/wp\/v2\/categories?post=1163"},{"taxonomy":"post_tag","embeddable":true,"href":"https:\/\/cpsarriguren.educacion.navarra.es\/web\/wp-json\/wp\/v2\/tags?post=1163"}],"curies":[{"name":"wp","href":"https:\/\/api.w.org\/{rel}","templated":true}]}}