{"id":1034,"date":"2018-01-11T09:13:26","date_gmt":"2018-01-11T08:13:26","guid":{"rendered":"https:\/\/cpsarriguren.educacion.navarra.es\/web\/?p=1034"},"modified":"2018-02-05T13:23:18","modified_gmt":"2018-02-05T12:23:18","slug":"dia-de-la-paz","status":"publish","type":"post","link":"https:\/\/cpsarriguren.educacion.navarra.es\/web\/blog\/2018\/01\/11\/dia-de-la-paz\/","title":{"rendered":"Dia de la paz"},"content":{"rendered":"<div class=\"fsn-row full-width-row fsn-69eded248eefe light\" style=\"background-repeat:repeat;background-position:left top;background-attachment:scroll;background-size:auto;\"><div class=\"container-fluid\"><div class=\"row\"><div class=\"col-sm-12\"><div class=\"fsn-column-inner fsn-69eded248ef5b light\"><div class=\"fsn-text fsn-69eded248ef88\">\n<p>Con motivo de la celebraci\u00f3n del d\u00eda mundial de la Paz desde Escuelas Solidarias del colegio Hermanas \u00dariz Pi se han desarrollado unas propuestas que invitan a la reflexi\u00f3n de la realidad mundial, y que trabajaremos a lo largo de la semana que viene. Estas propuestas son:<\/p>\n<p>&nbsp;<\/p>\n<p>Charla de Helpna de 1\u00ba a 4\u00ba de Primaria. <a href=\"https:\/\/cpsarriguren.educacion.navarra.es\/web\/wp-content\/uploads\/2018\/01\/Charla-de-voluntarios.pdf\" target=\"_blank\" rel=\"noopener\">Leer mas<\/a>.<\/p>\n<p>Visionado y debate sobre la pel\u00edcula Muros para 5\u00ba y 6\u00ba. <a href=\"https:\/\/cpsarriguren.educacion.navarra.es\/web\/wp-content\/uploads\/2018\/01\/Muros.pdf\" target=\"_blank\" rel=\"noopener\">Leer mas<\/a>.<\/p>\n<p>Adem\u00e1s, el alumnado de 3\u00ba y 4\u00ba leer\u00e1 al alumnado de infantil el cuento que trabajaron con motivo del dia de los derechos de la infancia \u201cMejor hablar que pelearse\u201d (Carmen del Rio y M\u00aa Jos\u00e9 Gil) .<\/p>\n<\/div><\/div><\/div><\/div><\/div><\/div>\n","protected":false},"excerpt":{"rendered":"","protected":false},"author":1,"featured_media":0,"comment_status":"closed","ping_status":"closed","sticky":false,"template":"","format":"standard","meta":{"ngg_post_thumbnail":0},"categories":[10,1],"tags":[],"_links":{"self":[{"href":"https:\/\/cpsarriguren.educacion.navarra.es\/web\/wp-json\/wp\/v2\/posts\/1034"}],"collection":[{"href":"https:\/\/cpsarriguren.educacion.navarra.es\/web\/wp-json\/wp\/v2\/posts"}],"about":[{"href":"https:\/\/cpsarriguren.educacion.navarra.es\/web\/wp-json\/wp\/v2\/types\/post"}],"author":[{"embeddable":true,"href":"https:\/\/cpsarriguren.educacion.navarra.es\/web\/wp-json\/wp\/v2\/users\/1"}],"replies":[{"embeddable":true,"href":"https:\/\/cpsarriguren.educacion.navarra.es\/web\/wp-json\/wp\/v2\/comments?post=1034"}],"version-history":[{"count":5,"href":"https:\/\/cpsarriguren.educacion.navarra.es\/web\/wp-json\/wp\/v2\/posts\/1034\/revisions"}],"predecessor-version":[{"id":1045,"href":"https:\/\/cpsarriguren.educacion.navarra.es\/web\/wp-json\/wp\/v2\/posts\/1034\/revisions\/1045"}],"wp:attachment":[{"href":"https:\/\/cpsarriguren.educacion.navarra.es\/web\/wp-json\/wp\/v2\/media?parent=1034"}],"wp:term":[{"taxonomy":"category","embeddable":true,"href":"https:\/\/cpsarriguren.educacion.navarra.es\/web\/wp-json\/wp\/v2\/categories?post=1034"},{"taxonomy":"post_tag","embeddable":true,"href":"https:\/\/cpsarriguren.educacion.navarra.es\/web\/wp-json\/wp\/v2\/tags?post=1034"}],"curies":[{"name":"wp","href":"https:\/\/api.w.org\/{rel}","templated":true}]}}